{"id":2509,"date":"2022-11-11T11:14:57","date_gmt":"2022-11-11T10:14:57","guid":{"rendered":"http:\/\/www.kirafranch.com\/?p=2509"},"modified":"2022-11-11T11:21:54","modified_gmt":"2022-11-11T10:21:54","slug":"2509","status":"publish","type":"post","link":"https:\/\/www.kirafranch.com\/es\/2509\/","title":{"rendered":"Celebramos nuestro primer Black Friday"},"content":{"rendered":"<p>Desde la <strong>Cl\u00ednica dental Kira Franch<\/strong> te invitamos a participar de nuestro primer <strong>Black Friday<\/strong>?el pr\u00f3ximo viernes d\u00eda 25 de noviembre.<\/p>\n<p>Nos hace mucha ilusi\u00f3n organizar una jornada de puertas abiertas de todo el d\u00eda donde encontrar\u00e1s:<\/p>\n<p>&#8211; <strong>Talleres y consultas personalizadas <\/strong><\/p>\n<p>&#8211; <strong>Ticket estrella de descuentos exclusivos<\/strong> que se entregar\u00e1 personalmente<\/p>\n<p>&#8211; <strong>OpenDay de Radiofrecuencia M\u00e9dica facial<\/strong>, donde todo el que quiera podr\u00e1 probar la magia de este tratamiento de forma totalmente gratuita\u00a0 (Imprescindible reservar cita)<\/p>\n<p>&#8211; Sesi\u00f3n: <strong>\u00bfC\u00f3mo debo lavarme los dientes?<\/strong> Para todos los ni\u00f1os que lo deseen de 17 a 18h de la tarde<\/p>\n<p>&#8211; <strong>Sorteo<\/strong> para todos los asistentes de nuestro <strong>blanqueamiento dental estrella<\/strong><\/p>\n<p>Ven a pasar un rato con nosotros, \u00a1te gustar\u00e1!<\/p>\n<h4 id=\"tw-target-text\" class=\"tw-data-text tw-text-large tw-ta\" dir=\"ltr\" data-placeholder=\"Traducci\u00f3n\"><\/h4>\n","protected":false},"excerpt":{"rendered":"<p>Desde la Cl\u00ednica dental Kira Franch te invitamos a participar de nuestro primer Black Friday?el pr\u00f3ximo viernes d\u00eda 25 de noviembre. Nos hace mucha ilusi\u00f3n organizar una jornada de puertas&#8230;<\/p>\n","protected":false},"author":3,"featured_media":2490,"comment_status":"open","ping_status":"open","sticky":false,"template":"","format":"standard","meta":{"footnotes":""},"categories":[1],"tags":[],"class_list":["post-2509","post","type-post","status-publish","format-standard","has-post-thumbnail","hentry","category-sin-categorizar"],"_links":{"self":[{"href":"https:\/\/www.kirafranch.com\/es\/wp-json\/wp\/v2\/posts\/2509","targetHints":{"allow":["GET"]}}],"collection":[{"href":"https:\/\/www.kirafranch.com\/es\/wp-json\/wp\/v2\/posts"}],"about":[{"href":"https:\/\/www.kirafranch.com\/es\/wp-json\/wp\/v2\/types\/post"}],"author":[{"embeddable":true,"href":"https:\/\/www.kirafranch.com\/es\/wp-json\/wp\/v2\/users\/3"}],"replies":[{"embeddable":true,"href":"https:\/\/www.kirafranch.com\/es\/wp-json\/wp\/v2\/comments?post=2509"}],"version-history":[{"count":4,"href":"https:\/\/www.kirafranch.com\/es\/wp-json\/wp\/v2\/posts\/2509\/revisions"}],"predecessor-version":[{"id":2515,"href":"https:\/\/www.kirafranch.com\/es\/wp-json\/wp\/v2\/posts\/2509\/revisions\/2515"}],"wp:featuredmedia":[{"embeddable":true,"href":"https:\/\/www.kirafranch.com\/es\/wp-json\/wp\/v2\/media\/2490"}],"wp:attachment":[{"href":"https:\/\/www.kirafranch.com\/es\/wp-json\/wp\/v2\/media?parent=2509"}],"wp:term":[{"taxonomy":"category","embeddable":true,"href":"https:\/\/www.kirafranch.com\/es\/wp-json\/wp\/v2\/categories?post=2509"},{"taxonomy":"post_tag","embeddable":true,"href":"https:\/\/www.kirafranch.com\/es\/wp-json\/wp\/v2\/tags?post=2509"}],"curies":[{"name":"wp","href":"https:\/\/api.w.org\/{rel}","templated":true}]}}